{"id":4122,"date":"2026-03-11T13:38:20","date_gmt":"2026-03-11T19:38:20","guid":{"rendered":"https:\/\/elhidalguense.vip\/?p=4122"},"modified":"2026-03-11T13:38:20","modified_gmt":"2026-03-11T19:38:20","slug":"avanza-la-meta-nacional-de-vivienda-entregan-nuevos-hogares-en-el-desarrollo-todos-por-tamaulipas-claudiashein-gobiernomx","status":"publish","type":"post","link":"https:\/\/elhidalguense.vip\/?p=4122","title":{"rendered":"Avanza la meta nacional de vivienda: entregan nuevos hogares en el desarrollo \u00abTodos por Tamaulipas\u00bb \/ @Claudiashein @GobiernoMX >>>"},"content":{"rendered":"\n<p><strong>#ViviendaParaTodos<\/strong> &#8211; <strong>#JusticiaSocial<\/strong> &#8212;&#8211; <strong>#GobiernoFederal<\/strong>,&nbsp;<strong>#M\u00e9xico<\/strong>.- En un despliegue de coordinaci\u00f3n federal sin precedentes, la Presidenta <strong>#ClaudiaSheinbaumPardo<\/strong> consolid\u00f3 esta ma\u00f1ana un pilar fundamental de su gesti\u00f3n al encabezar la entrega de nuevos hogares en el desarrollo <strong>\u00abTodos por Tamaulipas\u00bb<\/strong>. Este acto, realizado mediante un enlace directo desde Palacio Nacional hasta Ciudad Victoria, marca un hito en la ambiciosa meta de edificar <strong>1.8 millones de viviendas<\/strong> en toda la Rep\u00fablica. Durante la conferencia <strong>\u201cLas ma\u00f1aneras del pueblo\u201d<\/strong>, la mandataria reafirm\u00f3 su compromiso con el patrimonio social, calificando este evento como una pieza clave de la justicia territorial. <strong>#ViviendaDigna #BienestarTamaulipas<\/strong><\/p>\n\n\n\n<p>La secretaria <strong>Edna Elena Vega Rangel<\/strong> revel\u00f3 un incremento sustancial en las proyecciones para la entidad, elevando el objetivo de <strong>84 mil 26 residencias<\/strong> para beneficiar a m\u00e1s de <strong>302 mil ciudadanos<\/strong>. Esta operaci\u00f3n t\u00e9cnica conlleva una inversi\u00f3n superior a los <strong>50 mil millones de pesos<\/strong>, motorizando la econom\u00eda local mediante la creaci\u00f3n de <strong>250 mil empleos directos<\/strong>. Actualmente, el avance en escrituraci\u00f3n y metas sexenales en el estado ya supera el <strong>60 por ciento<\/strong>, asegurando certeza jur\u00eddica para las familias.<\/p>\n\n\n\n<p>Por su parte, el director del Infonavit, <strong>Octavio Romero Oropeza<\/strong>, detall\u00f3 que el complejo habitacional actual integra un esquema de <strong>935 viviendas<\/strong>, de las cuales se han asignado estrat\u00e9gicamente las primeras unidades. En lo que va del presente a\u00f1o <strong>2026<\/strong>, la Jefa del Ejecutivo ha distribuido <strong>839 inmuebles<\/strong> en doce estados de la federaci\u00f3n, destacando entidades como <strong>Veracruz<\/strong>, <strong>Chiapas<\/strong> y <strong>Nuevo Le\u00f3n<\/strong>. Bajo la visi\u00f3n de <strong>\u00abViviendas para el Bienestar en Tamaulipas\u00bb<\/strong>, el instituto proyecta alcanzar el <strong>90 por ciento<\/strong> de su cuota anual este mismo mes.<\/p>\n\n\n\n<p>Finalmente, el gobernador <strong>Am\u00e9rico Villarreal Anaya<\/strong> celebr\u00f3 la implementaci\u00f3n de estas <strong>\u00abpol\u00edticas humanistas\u00bb<\/strong> que transforman la realidad de los trabajadores tamaulipecos con espacios dignos y servicios integrales. La ciudadana <strong>Thania Nayeli Mart\u00ednez Hern\u00e1ndez<\/strong>, en representaci\u00f3n de los beneficiarios, expres\u00f3 su gratitud por consolidar un patrimonio seguro bajo este modelo de desarrollo social. Con esta entrega, el Gobierno Federal ratifica su ruta hacia la prosperidad compartida y el fortalecimiento del tejido urbano nacional.<\/p>\n\n\n\n<p><strong>#ElHidalguenseVIP<\/strong>\u00a0\u2013\u00a0<a href=\"https:\/\/www.facebook.com\/ElHidalguenseVIP\/\"><strong>El Hidalguense VIP<\/strong><\/a><\/p>\n\n\n\n<figure class=\"wp-block-image aligncenter size-full\"><img loading=\"lazy\" decoding=\"async\" width=\"650\" height=\"400\" src=\"http:\/\/elhidalguense.vip\/wp-content\/uploads\/2026\/03\/clau0.png\" alt=\"\" class=\"wp-image-4123\" srcset=\"https:\/\/elhidalguense.vip\/wp-content\/uploads\/2026\/03\/clau0.png 650w, https:\/\/elhidalguense.vip\/wp-content\/uploads\/2026\/03\/clau0-300x185.png 300w\" sizes=\"auto, (max-width: 650px) 100vw, 650px\" \/><\/figure>\n","protected":false},"excerpt":{"rendered":"<p>#ViviendaParaTodos &#8211; #JusticiaSocial &#8212;&#8211; #GobiernoFederal,&nbsp;#M\u00e9xico.- En un despliegue de coordinaci\u00f3n federal sin precedentes, la Presidenta #ClaudiaSheinbaumPardo consolid\u00f3 esta ma\u00f1ana un<\/p>\n","protected":false},"author":2,"featured_media":4123,"comment_status":"open","ping_status":"open","sticky":false,"template":"","format":"standard","meta":{"colormag_page_container_layout":"default_layout","colormag_page_sidebar_layout":"default_layout","rop_custom_images_group":[],"rop_custom_messages_group":[],"rop_publish_now":"no","rop_publish_now_accounts":{"facebook_107605135083956_104922571801141":""},"rop_publish_now_history":[{"account":"facebook_107605135083956_104922571801141","service":"facebook","timestamp":1773257924,"status":"success"}],"rop_publish_now_status":"done","footnotes":""},"categories":[84,2],"tags":[13,102,23,12,14,121,22,15,122,104,103,123,126,124,125,127,128,129,19],"class_list":["post-4122","post","type-post","status-publish","format-standard","has-post-thumbnail","hentry","category-legisladores","category-principales","tag-amlo","tag-claudia-sheinbaum-pardo","tag-dif-hidalgo","tag-el-hidalguense-vip","tag-en-vivo","tag-enterate","tag-gobierno-de-hidalgo","tag-gobierno-de-mexico","tag-gobierno-del-estado-de-mexico","tag-julio-menchaca-salazar","tag-luisa-maria-alcalde-lujan","tag-secretara-de-salud","tag-secretaria-de-bienestar","tag-secretaria-de-comunicaciones-y-transportes","tag-secretaria-de-cultura","tag-secretaria-de-educacion","tag-secretaria-de-la-mujer","tag-ultimahora","tag-ultimas-noticias"],"_links":{"self":[{"href":"https:\/\/elhidalguense.vip\/index.php?rest_route=\/wp\/v2\/posts\/4122","targetHints":{"allow":["GET"]}}],"collection":[{"href":"https:\/\/elhidalguense.vip\/index.php?rest_route=\/wp\/v2\/posts"}],"about":[{"href":"https:\/\/elhidalguense.vip\/index.php?rest_route=\/wp\/v2\/types\/post"}],"author":[{"embeddable":true,"href":"https:\/\/elhidalguense.vip\/index.php?rest_route=\/wp\/v2\/users\/2"}],"replies":[{"embeddable":true,"href":"https:\/\/elhidalguense.vip\/index.php?rest_route=%2Fwp%2Fv2%2Fcomments&post=4122"}],"version-history":[{"count":1,"href":"https:\/\/elhidalguense.vip\/index.php?rest_route=\/wp\/v2\/posts\/4122\/revisions"}],"predecessor-version":[{"id":4124,"href":"https:\/\/elhidalguense.vip\/index.php?rest_route=\/wp\/v2\/posts\/4122\/revisions\/4124"}],"wp:featuredmedia":[{"embeddable":true,"href":"https:\/\/elhidalguense.vip\/index.php?rest_route=\/wp\/v2\/media\/4123"}],"wp:attachment":[{"href":"https:\/\/elhidalguense.vip\/index.php?rest_route=%2Fwp%2Fv2%2Fmedia&parent=4122"}],"wp:term":[{"taxonomy":"category","embeddable":true,"href":"https:\/\/elhidalguense.vip\/index.php?rest_route=%2Fwp%2Fv2%2Fcategories&post=4122"},{"taxonomy":"post_tag","embeddable":true,"href":"https:\/\/elhidalguense.vip\/index.php?rest_route=%2Fwp%2Fv2%2Ftags&post=4122"}],"curies":[{"name":"wp","href":"https:\/\/api.w.org\/{rel}","templated":true}]}}