{"id":3318,"date":"2024-06-25T20:07:31","date_gmt":"2024-06-26T02:07:31","guid":{"rendered":"http:\/\/elhidalguense.vip\/?p=3318"},"modified":"2024-06-25T20:07:33","modified_gmt":"2024-06-26T02:07:33","slug":"entrega-tula-de-allende-despensas-y-agua-potable-a-las-familias-afectadas-por-las-lluvias-e-inundaciones-gobiernotula","status":"publish","type":"post","link":"https:\/\/elhidalguense.vip\/?p=3318","title":{"rendered":"Entrega Tula de Allende despensas y agua potable a las familias afectadas por las lluvias e inundaciones \/ @GobiernoTula >>>"},"content":{"rendered":"\n<p><strong>#TulaDeAllende, #Hgo<\/strong>.- El Presidente Municipal de Tula, C. Antonio Leija Villarreal, visit\u00f3 el ejido \u00abProvidencia\u00bb para entregar despensas y agua potable a las familias afectadas por las lluvias e inundaciones. Adem\u00e1s particip\u00f3 en la jornada de limpieza y reparaci\u00f3n del camino da\u00f1ado.<\/p>\n\n\n\n<p>La administraci\u00f3n municipal, junto con Protecci\u00f3n Civil y la Guardia Nacional y Estatal, ha estado brindando apoyo constante a los Tultecos que sufren de las afectaci\u00f3nes por las intensas lluvias.<\/p>\n\n\n\n<p>El Gobierno Municipal y el Sistema DIF Tula han establecido centros de acopio en el Palacio Municipal para recibir donaciones de art\u00edculos de primera necesidad, incluyendo alimentos no perecederos, productos de higiene, ropa y art\u00edculos para el hogar. El objetivo es apoyar a las familias afectadas y demostrar solidaridad en tiempos dif\u00edciles.<\/p>\n\n\n\n<p><strong>#ElHidalguenseVIP<\/strong> &#8211; <a href=\"https:\/\/www.facebook.com\/ElHidalguenseVIP\/\"><strong>El Hidalguense VIP<\/strong><\/a><\/p>\n","protected":false},"excerpt":{"rendered":"<p>#TulaDeAllende, #Hgo.- El Presidente Municipal de Tula, C. Antonio Leija Villarreal, visit\u00f3 el ejido \u00abProvidencia\u00bb para entregar despensas y agua<\/p>\n","protected":false},"author":2,"featured_media":3319,"comment_status":"open","ping_status":"open","sticky":false,"template":"","format":"standard","meta":{"colormag_page_container_layout":"default_layout","colormag_page_sidebar_layout":"default_layout","rop_custom_images_group":[],"rop_custom_messages_group":[],"rop_publish_now":"yes","rop_publish_now_accounts":{"facebook_107605135083956_104922571801141":""},"rop_publish_now_history":[],"rop_publish_now_status":"pending","footnotes":""},"categories":[6],"tags":[12,14,15,16,17,19,20],"class_list":["post-3318","post","type-post","status-publish","format-standard","has-post-thumbnail","hentry","category-municipios","tag-el-hidalguense-vip","tag-en-vivo","tag-gobierno-de-mexico","tag-redes-sociales","tag-ultima-hora","tag-ultimas-noticias","tag-ultimo-minuto"],"_links":{"self":[{"href":"https:\/\/elhidalguense.vip\/index.php?rest_route=\/wp\/v2\/posts\/3318","targetHints":{"allow":["GET"]}}],"collection":[{"href":"https:\/\/elhidalguense.vip\/index.php?rest_route=\/wp\/v2\/posts"}],"about":[{"href":"https:\/\/elhidalguense.vip\/index.php?rest_route=\/wp\/v2\/types\/post"}],"author":[{"embeddable":true,"href":"https:\/\/elhidalguense.vip\/index.php?rest_route=\/wp\/v2\/users\/2"}],"replies":[{"embeddable":true,"href":"https:\/\/elhidalguense.vip\/index.php?rest_route=%2Fwp%2Fv2%2Fcomments&post=3318"}],"version-history":[{"count":1,"href":"https:\/\/elhidalguense.vip\/index.php?rest_route=\/wp\/v2\/posts\/3318\/revisions"}],"predecessor-version":[{"id":3320,"href":"https:\/\/elhidalguense.vip\/index.php?rest_route=\/wp\/v2\/posts\/3318\/revisions\/3320"}],"wp:featuredmedia":[{"embeddable":true,"href":"https:\/\/elhidalguense.vip\/index.php?rest_route=\/wp\/v2\/media\/3319"}],"wp:attachment":[{"href":"https:\/\/elhidalguense.vip\/index.php?rest_route=%2Fwp%2Fv2%2Fmedia&parent=3318"}],"wp:term":[{"taxonomy":"category","embeddable":true,"href":"https:\/\/elhidalguense.vip\/index.php?rest_route=%2Fwp%2Fv2%2Fcategories&post=3318"},{"taxonomy":"post_tag","embeddable":true,"href":"https:\/\/elhidalguense.vip\/index.php?rest_route=%2Fwp%2Fv2%2Ftags&post=3318"}],"curies":[{"name":"wp","href":"https:\/\/api.w.org\/{rel}","templated":true}]}}