{"id":3180,"date":"2024-04-04T20:37:32","date_gmt":"2024-04-05T02:37:32","guid":{"rendered":"http:\/\/elhidalguense.vip\/?p=3180"},"modified":"2024-04-04T20:37:33","modified_gmt":"2024-04-05T02:37:33","slug":"el-sistema-dif-huejutla-llevo-a-cabo-la-clausura-del-taller-infantil-de-elaboracion-de-pizzas-municipal2024","status":"publish","type":"post","link":"https:\/\/elhidalguense.vip\/?p=3180","title":{"rendered":"El Sistema DIF Huejutla llev\u00f3 a cabo la Clausura del Taller Infantil de Elaboraci\u00f3n de Pizzas \/ @Municipal2024 >>>"},"content":{"rendered":"\n<p><strong>#Huejutla, #Hgo<\/strong>.- Con sabor y diversi\u00f3n, el Sistema DIF Huejutla llev\u00f3 a cabo la Clausura del Taller Infantil de Elaboraci\u00f3n de Pizzas, ofrecido en la colonia Parque de Poblamiento, donde ni\u00f1as y ni\u00f1os disfrutaron la experiencia de elaborar sus propias creaciones.<\/p>\n\n\n\n<p>Durante las vacaciones, los peque\u00f1os chefs pudieron aprender a cocinar en un ambiente de alegr\u00eda, independencia, creatividad y autonom\u00eda, fortaleciendo su interacci\u00f3n social.<\/p>\n\n\n\n<p><strong>#ElHidalguenseVIP<\/strong> &#8211; <a href=\"https:\/\/www.facebook.com\/ElHidalguenseVIP\/\"><strong>El Hidalguense VIP<\/strong><\/a><\/p>\n","protected":false},"excerpt":{"rendered":"<p>#Huejutla, #Hgo.- Con sabor y diversi\u00f3n, el Sistema DIF Huejutla llev\u00f3 a cabo la Clausura del Taller Infantil de Elaboraci\u00f3n<\/p>\n","protected":false},"author":2,"featured_media":3181,"comment_status":"open","ping_status":"open","sticky":false,"template":"","format":"standard","meta":{"colormag_page_container_layout":"default_layout","colormag_page_sidebar_layout":"default_layout","rop_custom_images_group":[],"rop_custom_messages_group":[],"rop_publish_now":"yes","rop_publish_now_accounts":{"facebook_107605135083956_104922571801141":""},"rop_publish_now_history":[],"rop_publish_now_status":"pending","footnotes":""},"categories":[3],"tags":[29,12,14,28,16,17,19,20],"class_list":["post-3180","post","type-post","status-publish","format-standard","has-post-thumbnail","hentry","category-municipios-destacados","tag-dif-huejutla-2020-2024","tag-el-hidalguense-vip","tag-en-vivo","tag-presidencia-municipal-de-huejutla-2020-2024","tag-redes-sociales","tag-ultima-hora","tag-ultimas-noticias","tag-ultimo-minuto"],"_links":{"self":[{"href":"https:\/\/elhidalguense.vip\/index.php?rest_route=\/wp\/v2\/posts\/3180","targetHints":{"allow":["GET"]}}],"collection":[{"href":"https:\/\/elhidalguense.vip\/index.php?rest_route=\/wp\/v2\/posts"}],"about":[{"href":"https:\/\/elhidalguense.vip\/index.php?rest_route=\/wp\/v2\/types\/post"}],"author":[{"embeddable":true,"href":"https:\/\/elhidalguense.vip\/index.php?rest_route=\/wp\/v2\/users\/2"}],"replies":[{"embeddable":true,"href":"https:\/\/elhidalguense.vip\/index.php?rest_route=%2Fwp%2Fv2%2Fcomments&post=3180"}],"version-history":[{"count":1,"href":"https:\/\/elhidalguense.vip\/index.php?rest_route=\/wp\/v2\/posts\/3180\/revisions"}],"predecessor-version":[{"id":3182,"href":"https:\/\/elhidalguense.vip\/index.php?rest_route=\/wp\/v2\/posts\/3180\/revisions\/3182"}],"wp:featuredmedia":[{"embeddable":true,"href":"https:\/\/elhidalguense.vip\/index.php?rest_route=\/wp\/v2\/media\/3181"}],"wp:attachment":[{"href":"https:\/\/elhidalguense.vip\/index.php?rest_route=%2Fwp%2Fv2%2Fmedia&parent=3180"}],"wp:term":[{"taxonomy":"category","embeddable":true,"href":"https:\/\/elhidalguense.vip\/index.php?rest_route=%2Fwp%2Fv2%2Fcategories&post=3180"},{"taxonomy":"post_tag","embeddable":true,"href":"https:\/\/elhidalguense.vip\/index.php?rest_route=%2Fwp%2Fv2%2Ftags&post=3180"}],"curies":[{"name":"wp","href":"https:\/\/api.w.org\/{rel}","templated":true}]}}