{"id":3076,"date":"2024-02-27T21:44:08","date_gmt":"2024-02-28T03:44:08","guid":{"rendered":"http:\/\/elhidalguense.vip\/?p=3076"},"modified":"2024-02-27T21:44:08","modified_gmt":"2024-02-28T03:44:08","slug":"estudiantes-hidalguenses-podran-cursar-programas-de-servicio-social-y-residencias-profesionales-en-el-aifa-natycastrejonv-sephidalgo","status":"publish","type":"post","link":"https:\/\/elhidalguense.vip\/?p=3076","title":{"rendered":"Estudiantes hidalguenses podr\u00e1n cursar programas de servicio social y residencias profesionales en el AIFA \/ @natycastrejonv @SEPHidalgo >>>"},"content":{"rendered":"\n<p><strong>#SEPH<\/strong>.- Con el objetivo de elevar la productividad e impulsar la formaci\u00f3n, competencias y desarrollo profesional de las y los estudiantes de educaci\u00f3n superior, la Secretar\u00eda de Educaci\u00f3n P\u00fablica de Hidalgo (SEPH), sign\u00f3 un convenio de colaboraci\u00f3n con la empresa de Participaci\u00f3n Estatal Mayoritaria \u201cAeropuerto Internacional Felipe \u00c1ngeles S.A. de C.V.\u201d (AIFA)<\/p>\n\n\n\n<p>Al respecto, el secretario de Educaci\u00f3n P\u00fablica de Hidalgo, Naty Castrej\u00f3n, indic\u00f3 que en el gobierno que encabeza Julio Menchaca, la formaci\u00f3n acad\u00e9mica es vista como uno de los principales instrumentos para combatir la pobreza, la exclusi\u00f3n y el rezago que a\u00fan persisten en algunas regiones de la entidad.<\/p>\n\n\n\n<p>Y dijo que, gracias al trabajo colaborativo que hoy se hace, es posible formar a las y los ciudadanos que se convertir\u00e1n en agentes de transformaci\u00f3n y desarrollo; es por ello que, desde la SEPH se formalizan alianzas con los diferentes sectores que favorezcan una educaci\u00f3n que responda a los retos y desaf\u00edos de un mundo cada vez m\u00e1s globalizado y altamente tecnificado.<\/p>\n\n\n\n<p>En representaci\u00f3n del director general del AIFA, Isidro Pastor Rom\u00e1n, el subdirector jur\u00eddico, Eleazar Ram\u00edrez Esp\u00edndola, detall\u00f3 que \u00e9ste, por ser un proyecto del actual gobierno de M\u00e9xico, se consolida como una opci\u00f3n de desarrollo profesional estrat\u00e9gico para cada uno de los estudiantes que deseen incorporarse en los programas de servicio social y residencias profesionales.<\/p>\n\n\n\n<p>Refrend\u00f3 el compromiso que tiene el aeropuerto con la sociedad estudiantil, a trav\u00e9s de una relaci\u00f3n de car\u00e1cter institucional que enarbola como principio fundamental el servir a la comunidad: \u201cestamos comprometidos en atender las principales necesidades que las y los j\u00f3venes en su desarrollo profesional y en su transici\u00f3n al \u00e1mbito laboral pueden impulsar para poner en pr\u00e1ctica los conocimientos adquiridos en su formaci\u00f3n acad\u00e9mica\u201d, a\u00f1adi\u00f3.<\/p>\n\n\n\n<p><strong>#ElHidalguenseVIP<\/strong> &#8211; <a href=\"https:\/\/www.facebook.com\/ElHidalguenseVIP\/\"><strong>El Hidalguense VIP<\/strong><\/a><\/p>\n","protected":false},"excerpt":{"rendered":"<p>#SEPH.- Con el objetivo de elevar la productividad e impulsar la formaci\u00f3n, competencias y desarrollo profesional de las y los<\/p>\n","protected":false},"author":2,"featured_media":3077,"comment_status":"open","ping_status":"open","sticky":false,"template":"","format":"standard","meta":{"colormag_page_container_layout":"default_layout","colormag_page_sidebar_layout":"default_layout","rop_custom_images_group":[],"rop_custom_messages_group":[],"rop_publish_now":"yes","rop_publish_now_accounts":{"facebook_107605135083956_104922571801141":"","twitter_1547302373592371202_1547302373592371202":""},"rop_publish_now_history":[],"rop_publish_now_status":"pending","footnotes":""},"categories":[5],"tags":[12,16,17,19,20],"class_list":["post-3076","post","type-post","status-publish","format-standard","has-post-thumbnail","hentry","category-ultima-hora","tag-el-hidalguense-vip","tag-redes-sociales","tag-ultima-hora","tag-ultimas-noticias","tag-ultimo-minuto"],"_links":{"self":[{"href":"https:\/\/elhidalguense.vip\/index.php?rest_route=\/wp\/v2\/posts\/3076","targetHints":{"allow":["GET"]}}],"collection":[{"href":"https:\/\/elhidalguense.vip\/index.php?rest_route=\/wp\/v2\/posts"}],"about":[{"href":"https:\/\/elhidalguense.vip\/index.php?rest_route=\/wp\/v2\/types\/post"}],"author":[{"embeddable":true,"href":"https:\/\/elhidalguense.vip\/index.php?rest_route=\/wp\/v2\/users\/2"}],"replies":[{"embeddable":true,"href":"https:\/\/elhidalguense.vip\/index.php?rest_route=%2Fwp%2Fv2%2Fcomments&post=3076"}],"version-history":[{"count":1,"href":"https:\/\/elhidalguense.vip\/index.php?rest_route=\/wp\/v2\/posts\/3076\/revisions"}],"predecessor-version":[{"id":3078,"href":"https:\/\/elhidalguense.vip\/index.php?rest_route=\/wp\/v2\/posts\/3076\/revisions\/3078"}],"wp:featuredmedia":[{"embeddable":true,"href":"https:\/\/elhidalguense.vip\/index.php?rest_route=\/wp\/v2\/media\/3077"}],"wp:attachment":[{"href":"https:\/\/elhidalguense.vip\/index.php?rest_route=%2Fwp%2Fv2%2Fmedia&parent=3076"}],"wp:term":[{"taxonomy":"category","embeddable":true,"href":"https:\/\/elhidalguense.vip\/index.php?rest_route=%2Fwp%2Fv2%2Fcategories&post=3076"},{"taxonomy":"post_tag","embeddable":true,"href":"https:\/\/elhidalguense.vip\/index.php?rest_route=%2Fwp%2Fv2%2Ftags&post=3076"}],"curies":[{"name":"wp","href":"https:\/\/api.w.org\/{rel}","templated":true}]}}