{"id":219,"date":"2022-05-27T14:24:32","date_gmt":"2022-05-27T19:24:32","guid":{"rendered":"http:\/\/elhidalguense.vip\/?p=219"},"modified":"2022-05-27T14:24:33","modified_gmt":"2022-05-27T19:24:33","slug":"primer-festival-de-kotas-en-ixmiquilpan","status":"publish","type":"post","link":"https:\/\/elhidalguense.vip\/?p=219","title":{"rendered":"Primer Festival de +Kotas en Ixmiquilpan"},"content":{"rendered":"\n<p><strong>#Ixmiquilpan, #Hgo<\/strong>.- El municipio de Ixmiquilpan record\u00f3 el Primer Festival mis +Kotas en el Jard\u00edn Principal estar\u00e1 en operaci\u00f3n hasta el 28 de Mayo.<\/p>\n\n\n\n<ul class=\"wp-block-list\"><li>Vacunaci\u00f3n antirr\u00e1bica gratis y desparasitaci\u00f3n a bajo costo.<\/li><li>Stands permanentes con costos accesibles (venta de accesorios y servicios veterinarios).<\/li><li>Perrot\u00f3n.<\/li><li>Croquet\u00f3n.<\/li><\/ul>\n\n\n\n<figure class=\"wp-block-image aligncenter size-large is-resized\"><img loading=\"lazy\" decoding=\"async\" src=\"http:\/\/elhidalguense.vip\/wp-content\/uploads\/2022\/05\/ixmi2-1024x576.jpg\" alt=\"\" class=\"wp-image-220\" width=\"409\" height=\"230\"\/><\/figure>\n\n\n\n<p><strong>#ElHidalguenseVIP<\/strong><\/p>\n","protected":false},"excerpt":{"rendered":"<p>#Ixmiquilpan, #Hgo.- El municipio de Ixmiquilpan record\u00f3 el Primer Festival mis +Kotas en el Jard\u00edn Principal estar\u00e1 en operaci\u00f3n hasta<\/p>\n","protected":false},"author":2,"featured_media":0,"comment_status":"open","ping_status":"open","sticky":false,"template":"","format":"standard","meta":{"colormag_page_container_layout":"default_layout","colormag_page_sidebar_layout":"default_layout","rop_custom_images_group":[],"rop_custom_messages_group":[],"rop_publish_now":"initial","rop_publish_now_accounts":{"facebook_107605135083956_104922571801141":""},"rop_publish_now_history":[],"rop_publish_now_status":"pending","footnotes":""},"categories":[6],"tags":[23,12,14,22,15,16,17,19,20],"class_list":["post-219","post","type-post","status-publish","format-standard","hentry","category-municipios","tag-dif-hidalgo","tag-el-hidalguense-vip","tag-en-vivo","tag-gobierno-de-hidalgo","tag-gobierno-de-mexico","tag-redes-sociales","tag-ultima-hora","tag-ultimas-noticias","tag-ultimo-minuto"],"_links":{"self":[{"href":"https:\/\/elhidalguense.vip\/index.php?rest_route=\/wp\/v2\/posts\/219","targetHints":{"allow":["GET"]}}],"collection":[{"href":"https:\/\/elhidalguense.vip\/index.php?rest_route=\/wp\/v2\/posts"}],"about":[{"href":"https:\/\/elhidalguense.vip\/index.php?rest_route=\/wp\/v2\/types\/post"}],"author":[{"embeddable":true,"href":"https:\/\/elhidalguense.vip\/index.php?rest_route=\/wp\/v2\/users\/2"}],"replies":[{"embeddable":true,"href":"https:\/\/elhidalguense.vip\/index.php?rest_route=%2Fwp%2Fv2%2Fcomments&post=219"}],"version-history":[{"count":1,"href":"https:\/\/elhidalguense.vip\/index.php?rest_route=\/wp\/v2\/posts\/219\/revisions"}],"predecessor-version":[{"id":222,"href":"https:\/\/elhidalguense.vip\/index.php?rest_route=\/wp\/v2\/posts\/219\/revisions\/222"}],"wp:attachment":[{"href":"https:\/\/elhidalguense.vip\/index.php?rest_route=%2Fwp%2Fv2%2Fmedia&parent=219"}],"wp:term":[{"taxonomy":"category","embeddable":true,"href":"https:\/\/elhidalguense.vip\/index.php?rest_route=%2Fwp%2Fv2%2Fcategories&post=219"},{"taxonomy":"post_tag","embeddable":true,"href":"https:\/\/elhidalguense.vip\/index.php?rest_route=%2Fwp%2Fv2%2Ftags&post=219"}],"curies":[{"name":"wp","href":"https:\/\/api.w.org\/{rel}","templated":true}]}}